{"id":43,"date":"2021-03-24T22:38:02","date_gmt":"2021-03-24T22:38:02","guid":{"rendered":"https:\/\/marcelorizzo.com.ar\/blog\/?p=43"},"modified":"2021-05-15T00:27:14","modified_gmt":"2021-05-15T00:27:14","slug":"algo-sobre-gula-redes-ceguera-y-una-extincion-anunciada","status":"publish","type":"post","link":"https:\/\/marcelorizzo.com.ar\/blog\/algo-sobre-gula-redes-ceguera-y-una-extincion-anunciada\/","title":{"rendered":"Algo sobre gula, redes, ceguera y una extinci\u00f3n anunciada:"},"content":{"rendered":"\n<p>Acabo de leer un reportaje a Jaron Lanier, gur\u00fa de Silicon Valley para muchos tambi\u00e9n un precursor de la \u201cfilosof\u00eda inform\u00e1tica\u201d: Jaron es hoy una multifac\u00e9tica estrella de Microsoft, el hombre sabe sobre su tema (redes de Internet), y uno queda advertido de lo que ya sospecha a diario. Jaron reniega de aquello de lo cual fue parte como mentor en tanto precursor de la realidad virtual en Sillicon Valley y llega a proponer el abandono de las redes sociales (supongo que \u00e9l mismo sabe que es algo improbable). Creo que Jaron est\u00e1 formulando una declaraci\u00f3n de principios en contra de la manipulaci\u00f3n de estas; en definitiva una de las formas de control social que requiere el capitalismo. Internet hasta hoy la m\u00e1s sofisticada ortopedia virtual podr\u00eda ser fundamentalmente eso y los que cre\u00edmos que las redes podr\u00edan encriptar su propio ant\u00eddoto tal vez s\u00f3lo estemos cediendo al embrujo de su magia negra.<\/p>\n\n\n\n<p>Del lado del mundo real el consumismo (adicci\u00f3n desaforada al consumo de bienes materiales superfluos, sembrada aun entre los que ni siquiera pueden satisfacer su m\u00ednimo cal\u00f3rico) aparece como el principal (aunque no \u00fanico) responsable del ecocidio ecum\u00e9nico, su cese ser\u00eda el medio indispensable a la supervivencia de la biosfera, pero en el reino web virtual y apoi\u00e9tco los pocos interesados en la verdad son tachados de locos pesimistas y sentenciados a un espacio inerte: hay m\u00e1s inter\u00e9s en ver c\u00f3mo envejecieron las estrellas de Hollywood, esa es la cordura del reba\u00f1o. Si las advertencias y buenas intenciones de algunas conciencias no han gravitado hasta hoy \u00bfpor qu\u00e9 tendr\u00edan que hacerlo de ahora en m\u00e1s? Ning\u00fan esfuerzo por generar conciencia sirve, es alquimia pura (procedimientos claros y resultados oscuros) empezando por este escrito que suscribo. Pero por fin la secuencia podr\u00eda cambiar, salta una diferencia y creo que es sustancial: ya no se trata de la palabra que advierte o profetiza, son los actos reales de la corteza terrestre, de la atm\u00f3sfera, las masas de agua y de la evoluci\u00f3n de enfermedades: la amenaza com\u00fan podr\u00eda ser la \u00faltima oportunidad para reaccionar. Podr\u00eda, pero por evidente que se muestre el desastre a\u00fan cuando, en el mejor de los casos no se estanque en la negaci\u00f3n, debe atravesar las etapas de toda perdida y eso requiere tiempo, tiempo que se agota.<\/p>\n\n\n\n<p>El uso que hacemos de las redes es la \u00faltima expresi\u00f3n de los mandatos de consumo que nos consumen diariamente. Sin embargo creo que Jaron equivoca el encuadre al suponer que una contradicci\u00f3n entre izquierdas y derechas pol\u00edticas motorizan esta historia, esto me parece de cierta ingenuidad antropol\u00f3gica, un mapa obsoleto. La disputa pol\u00edtica por el poder no existe \u201cper se\u201d como lucha de contrarios. La pol\u00edtica est\u00e1 de un solo lado: subalterno al poder de los due\u00f1os del mundo que como todos sabemos no son pol\u00edticos, son conglomerados econ\u00f3micos, la casta dominante del capitalismo en todas sus versiones incluso aquella estatal que prefiere el llamado progresismo. Desde luego los que rivalizan pujan por imponerse y usan a la pol\u00edtica en todo su espectro.<\/p>\n\n\n\n<p>La virtualidad de las redes y de los medios fomenta una ilusi\u00f3n de grieta donde no est\u00e1, esto s\u00f3lo resulta funcional al orden establecido; los elencos pol\u00edticos tienden a reforzarlo aunque sus discursos sostengan lo contrario ( la palabra en pol\u00edtica tambi\u00e9n ha pasado a otro plano) Seguimos actualizando la medieval idea de lucha entre el bien y el mal mientras el planeta se desmorona, justificando las variadas y aggiornadas formas de inquisici\u00f3n, y nos desangramos virtual o realmente a consecuencia de estas disputas espurias. La diferencia que marcar\u00e1 la diferencia ser\u00e1 entre ignorancia y conciencia solidaria. \u00bfCu\u00e1l es la contradicci\u00f3n entonces? Est\u00e1 claro (hoy m\u00e1s que nunca) qu\u00e9 es algo entre la vida y la extinci\u00f3n, y que para la supervivencia la progresi\u00f3n desaforada del capitalismo es una condena, tanto en el marco \u201clibertario\u201d (degradando el viejo y bello significante anarquista) como en el estatal totalitario. Claro que los popes del poder mundial (no sus t\u00edteres neo-coloniales) tienen su propia idea de supervivencia y que por supuesto es selectiva: grano para la imaginaci\u00f3n de los guionistas de Amazon y Netflix. La acumulaci\u00f3n de riqueza para financiar la tecnolog\u00eda de una humanidad interplanetaria es una locura obscena que los ricos a ultranza prefieren, la vieja l\u00f3gica del s\u00e1lvese quien pueda.<\/p>\n\n\n\n<p>Las confrontaciones de opini\u00f3n pol\u00edtica partidaria en los muros de Facebook ( por ejemplo) son poca cosa, rituales agon\u00edsticos de interacci\u00f3n de opinadores seriales a la pesca de partenaires para reforzar su raz\u00f3n. Pero el n\u00facleo del Pathos, lo verdaderamente grave es la quita de realidad, la des-dramatizaci\u00f3n para la mayor\u00eda de las hipnotizadas miradas que supone el caos informativo. Se hace dif\u00edcil distinguir figura de fondo cuando todo est\u00e1 en movimiento y entonces se adopta aquello que encaje a nuestra pretendida conveniencia, la verdad ya no importa, solo importa pertenecer a una parcialidad y apostar a su dominio, y esas desde siempre es la condici\u00f3n humana. Por esta condici\u00f3n previa y com\u00fan est\u00e1 abonada la tarea medi\u00e1tica de inducir la negaci\u00f3n del otro. Lo que los tradicionales medios hab\u00edan comenzado Internet lo profundiza, le quita cuerpo al dolor, el dolor necesario para reaccionar. El drama est\u00e1 anestesiado: a una masacre en Palestina, le sigue un blooper en Australia, a la criminal deforestaci\u00f3n de la selva amaz\u00f3nica le suceden legiones de adolescentes indistinguibles en sus gestos auto ofrecidos en play back de reggaeton o cumbia. A los criminales incendios forestales un multimillonario show de fuegos artificiales chinos para celebrar algo, a las solapadas muertes cotidianas del Covid 19, los que solapadamente siguen fumigando con cancer\u00edgenos a nuestros pueblos para tener m\u00e1s soja que exportar.<\/p>\n\n\n\n<p>No tengo conclusiones, s\u00f3lo algunas descripciones del problema, y como muchos sospecho que el remedio puede nunca llegar. \u00daltimamente he pasado tiempo haciendo foco -como tantos- en desenmascarar la criminalidad de la multinacional Bayer-Monsanto que en 2020 ha llegado a la perversi\u00f3n de indemnizar en EEUU a las v\u00edctimas del Glifosato con la suma escalofriante de 11.000 millones de d\u00f3lares para poder continuar con sus negocios: tiene m\u00e1s suceso una final de tenis que esta tragedia (a\u00fan para los adalides de los derechos humanos). Esta neurosis es adquirida: se induce. La falta del sentido de realidad no es propia de la condici\u00f3n humana como s\u00ed lo es negar al otro cultural.<\/p>\n\n\n\n<p>La actual pandemia es s\u00f3lo un s\u00edntoma de los tantos que seguir\u00e1n en multiplicaci\u00f3n hasta el final sin una desactivaci\u00f3n de la adicci\u00f3n al consumo. No tengo idea de c\u00f3mo se induce algo as\u00ed, los procedimientos alqu\u00edmicos, m\u00e1gicos o cient\u00edficos y sus raras combinaciones (que propician los sistemas de creencias de todo tipo) no demuestran ninguna eficacia. El secreto podr\u00eda residir en recuperar el cuerpo, el cuerpo del dolor, para retirar la mano del fuego prometeico fuera de control.<\/p>\n\n\n\n<p>M.R 2020<\/p>\n\n\n\n<p>____________________________________________________________________________________<\/p>\n\n\n\n<p>PD: Nota originalmente&nbsp; editada en Facebook que a fin &nbsp;de octubre de 2020 clausurar\u00eda&nbsp; la secci\u00f3n de Notas. Tal vez Jaron tenga raz\u00f3n.<\/p>\n","protected":false},"excerpt":{"rendered":"<p>Acabo de leer un reportaje a Jaron Lanier, gur\u00fa de Silicon Valley para muchos tambi\u00e9n un precursor de la \u201cfilosof\u00eda inform\u00e1tica\u201d: Jaron es hoy una multifac\u00e9tica estrella de Microsoft, el hombre sabe sobre su tema (redes de Internet), y uno queda advertido de lo que ya sospecha a diario. Jaron reniega de aquello de lo [&hellip;]<\/p>\n","protected":false},"author":1,"featured_media":44,"comment_status":"closed","ping_status":"open","sticky":false,"template":"","format":"standard","meta":{"site-sidebar-layout":"default","site-content-layout":"default","ast-site-content-layout":"default","site-content-style":"default","site-sidebar-style":"default","ast-global-header-display":"","ast-banner-title-visibility":"","ast-main-header-display":"","ast-hfb-above-header-display":"","ast-hfb-below-header-display":"","ast-hfb-mobile-header-display":"","site-post-title":"","ast-breadcrumbs-content":"","ast-featured-img":"","footer-sml-layout":"","ast-disable-related-posts":"","theme-transparent-header-meta":"default","adv-header-id-meta":"","stick-header-meta":"","header-above-stick-meta":"","header-main-stick-meta":"","header-below-stick-meta":"","astra-migrate-meta-layouts":"default","ast-page-background-enabled":"default","ast-page-background-meta":{"desktop":{"background-color":"","background-image":"","background-repeat":"repeat","background-position":"center center","background-size":"auto","background-attachment":"scroll","background-type":"","background-media":"","overlay-type":"","overlay-color":"","overlay-opacity":"","overlay-gradient":""},"tablet":{"background-color":"","background-image":"","background-repeat":"repeat","background-position":"center center","background-size":"auto","background-attachment":"scroll","background-type":"","background-media":"","overlay-type":"","overlay-color":"","overlay-opacity":"","overlay-gradient":""},"mobile":{"background-color":"","background-image":"","background-repeat":"repeat","background-position":"center center","background-size":"auto","background-attachment":"scroll","background-type":"","background-media":"","overlay-type":"","overlay-color":"","overlay-opacity":"","overlay-gradient":""}},"ast-content-background-meta":{"desktop":{"background-color":"var(--ast-global-color-5)","background-image":"","background-repeat":"repeat","background-position":"center center","background-size":"auto","background-attachment":"scroll","background-type":"","background-media":"","overlay-type":"","overlay-color":"","overlay-opacity":"","overlay-gradient":""},"tablet":{"background-color":"var(--ast-global-color-5)","background-image":"","background-repeat":"repeat","background-position":"center center","background-size":"auto","background-attachment":"scroll","background-type":"","background-media":"","overlay-type":"","overlay-color":"","overlay-opacity":"","overlay-gradient":""},"mobile":{"background-color":"var(--ast-global-color-5)","background-image":"","background-repeat":"repeat","background-position":"center center","background-size":"auto","background-attachment":"scroll","background-type":"","background-media":"","overlay-type":"","overlay-color":"","overlay-opacity":"","overlay-gradient":""}},"footnotes":""},"categories":[5],"tags":[],"class_list":["post-43","post","type-post","status-publish","format-standard","has-post-thumbnail","hentry","category-editorial"],"_links":{"self":[{"href":"https:\/\/marcelorizzo.com.ar\/blog\/wp-json\/wp\/v2\/posts\/43","targetHints":{"allow":["GET"]}}],"collection":[{"href":"https:\/\/marcelorizzo.com.ar\/blog\/wp-json\/wp\/v2\/posts"}],"about":[{"href":"https:\/\/marcelorizzo.com.ar\/blog\/wp-json\/wp\/v2\/types\/post"}],"author":[{"embeddable":true,"href":"https:\/\/marcelorizzo.com.ar\/blog\/wp-json\/wp\/v2\/users\/1"}],"replies":[{"embeddable":true,"href":"https:\/\/marcelorizzo.com.ar\/blog\/wp-json\/wp\/v2\/comments?post=43"}],"version-history":[{"count":1,"href":"https:\/\/marcelorizzo.com.ar\/blog\/wp-json\/wp\/v2\/posts\/43\/revisions"}],"predecessor-version":[{"id":45,"href":"https:\/\/marcelorizzo.com.ar\/blog\/wp-json\/wp\/v2\/posts\/43\/revisions\/45"}],"wp:featuredmedia":[{"embeddable":true,"href":"https:\/\/marcelorizzo.com.ar\/blog\/wp-json\/wp\/v2\/media\/44"}],"wp:attachment":[{"href":"https:\/\/marcelorizzo.com.ar\/blog\/wp-json\/wp\/v2\/media?parent=43"}],"wp:term":[{"taxonomy":"category","embeddable":true,"href":"https:\/\/marcelorizzo.com.ar\/blog\/wp-json\/wp\/v2\/categories?post=43"},{"taxonomy":"post_tag","embeddable":true,"href":"https:\/\/marcelorizzo.com.ar\/blog\/wp-json\/wp\/v2\/tags?post=43"}],"curies":[{"name":"wp","href":"https:\/\/api.w.org\/{rel}","templated":true}]}}